{"id":8526,"date":"2019-10-28T09:57:39","date_gmt":"2019-10-28T12:57:39","guid":{"rendered":"https:\/\/www.megaimagem.com.br\/?p=8526"},"modified":"2026-01-16T14:09:08","modified_gmt":"2026-01-16T17:09:08","slug":"prevencao-cancer-de-mama","status":"publish","type":"post","link":"https:\/\/www.megaimagem.com.br\/wp\/blog\/prevencao-cancer-de-mama\/","title":{"rendered":"C\u00e2ncer de mama: como se prevenir?"},"content":{"rendered":"<p>Antes de mais nada, \u00e9 importante dizer que o\u00a0<strong>c\u00e2ncer de mama<\/strong> \u00e9 a doen\u00e7a mais comum entre as mulheres no mundo e no Brasil.<\/p>\n<p>&nbsp;<\/p>\n<p>Desta forma, entre 2023 e 2025, a estimativa \u00e9 de 73 mil casos novos de c\u00e2ncer de mama segundo O Instituto Nacional do C\u00e2ncer (<a href=\"https:\/\/rbc.inca.gov.br\/index.php\/revista\/article\/view\/3700#:~:text=Resultados%3A%20S%C3%A3o%20esperados%20704%20mil,71%20mil%20casos%20novos%2C%20respectivamente.\">INCA<\/a>). Exclu\u00eddo o c\u00e2ncer de pele n\u00e3o melanoma.<\/p>\n<p>&nbsp;<\/p>\n<p>Este \u00e9 o mais frequente nas mulheres das regi\u00f5es, sul, sudeste, centro-oeste e nordeste.<\/p>\n<p>&nbsp;<\/p>\n<p>Contudo, o c\u00e2ncer de mama n\u00e3o acomete somente mulheres, ele tamb\u00e9m acomete homens, por\u00e9m \u00e9 raro, representando apenas 1% do total de casos da doen\u00e7a.<\/p>\n<p>&nbsp;<\/p>\n<p>Apesar disso, a doen\u00e7a \u00e9 trat\u00e1vel, por isso \u00e9 muito importante que ele seja descoberto cedo para o in\u00edcio do tratamento.<\/p>\n<h2>\u00a0Estudos sobre o c\u00e2ncer de mama<\/h2>\n<p>Inicialmente, diversas pesquisas apontam para diferen\u00e7as significativas entre as popula\u00e7\u00f5es que mant\u00eam h\u00e1bitos saud\u00e1veis e aquelas que n\u00e3o os adotam. Isso n\u00e3o se aplica apenas ao c\u00e2ncer de mama, mas a uma variedade de outros tipos de c\u00e2ncer e doen\u00e7as relacionadas.<\/p>\n<p>&nbsp;<\/p>\n<p>No entanto, \u00e9 crucial ressaltar que, com o aumento da expectativa de vida, muitas pessoas t\u00eam a oportunidade de viver mais tempo e com melhor qualidade de vida, desde que prestem aten\u00e7\u00e3o ao seu comportamento e estilo de vida.<\/p>\n<p>&nbsp;<\/p>\n<p>Portanto, o primeiro passo para a mudan\u00e7a \u00e9 estar ciente do que \u00e9 aconselh\u00e1vel para manter um estilo de vida saud\u00e1vel.<\/p>\n<p>A sa\u00fade \u00e9 essencialmente baseada em tr\u00eas pilares:<\/p>\n<ul>\n<li>Seguir as orienta\u00e7\u00f5es m\u00e9dicas relativas a cuidados e tratamentos;<\/li>\n<\/ul>\n<p>&nbsp;<\/p>\n<ul>\n<li>Adotar uma alimenta\u00e7\u00e3o balanceada;<\/li>\n<\/ul>\n<p>&nbsp;<\/p>\n<ul>\n<li>Praticar atividade f\u00edsica regularmente, sempre sob orienta\u00e7\u00e3o;<\/li>\n<\/ul>\n<p>&nbsp;<\/p>\n<ul>\n<li>Em qualquer est\u00e1gio da vida, a ado\u00e7\u00e3o de um estilo de vida saud\u00e1vel ter\u00e1 um impacto significativo na sa\u00fade, energia e vigor do indiv\u00edduo.<\/li>\n<\/ul>\n<p>&nbsp;<\/p>\n<p>No contexto do c\u00e2ncer, \u00e9 importante considerar que existem fatores de risco que podem ser controlados atrav\u00e9s do comportamento individual e outros que est\u00e3o al\u00e9m do controle individual.<\/p>\n<p>&nbsp;<\/p>\n<h2>Tipos de c\u00e2ncer de mama<\/h2>\n<p>O c\u00e2ncer de mama tem diferentes tipos, que podem variar dependendo de onde a doen\u00e7a come\u00e7a e at\u00e9 que ponto ela se espalha. Aqui est\u00e3o alguns dos tipos mais comuns:<\/p>\n<p>&nbsp;<\/p>\n<h3>Carcinoma ductal In Situ (n\u00e3o invasivo)<\/h3>\n<p>Este \u00e9 um tipo n\u00e3o invasivo de c\u00e2ncer de mama, o que significa que as c\u00e9lulas que revestem os dutos s\u00e3o cancer\u00edgenas, mas n\u00e3o invadem os tecidos mam\u00e1rios circundantes. O Carcinoma Ductal In Situ apresenta altas taxas de cura e baixo risco de met\u00e1stase.<\/p>\n<p>&nbsp;<\/p>\n<h3>Carcinoma ductal invasivo<\/h3>\n<p>Este \u00e9 o tipo mais comum de c\u00e2ncer de mama, representando cerca de 70% dos casos. O Carcinoma Ductal Invasivo come\u00e7a nos ductos de leite, mas pode se espalhar para outros tecidos da mama. Este tipo de c\u00e2ncer apresenta um maior risco de met\u00e1stase, podendo se disseminar atrav\u00e9s do sistema linf\u00e1tico e da circula\u00e7\u00e3o sangu\u00ednea.<\/p>\n<h3>Carcinoma Lobular In Situ (n\u00e3o invasivo)<\/h3>\n<p>Este tipo de c\u00e2ncer come\u00e7a a se desenvolver nas gl\u00e2ndulas produtoras de leite (l\u00f3bulos) das mamas. Entretanto, por ser &#8220;in situ&#8221;, ou seja, no local de origem, n\u00e3o invade o tecido mam\u00e1rio adjacente.<\/p>\n<p>&nbsp;<\/p>\n<h3>Carcinoma lobular invasivo<\/h3>\n<p>Como o nome sugere, este tipo de c\u00e2ncer se desenvolve nos l\u00f3bulos (gl\u00e2ndulas produtoras de leite) das mamas e pode invadir o tecido mam\u00e1rio adjacente. De forma similar ao c\u00e2ncer de mama ductal, o Carcinoma Lobular Invasivo tamb\u00e9m pode ser dif\u00edcil de detectar em seus est\u00e1gios iniciais.<\/p>\n<p>&nbsp;<\/p>\n<p>Essas s\u00e3o descri\u00e7\u00f5es simplificadas dos tipos mais comuns de c\u00e2ncer. Cada paciente \u00e9 \u00fanico e cada caso de c\u00e2ncer de mama pode variar. Portanto, \u00e9 crucial ter conversas aprofundadas com profissionais de sa\u00fade sobre o diagn\u00f3stico e as op\u00e7\u00f5es de tratamento.<\/p>\n<h3>Doen\u00e7a de Paget da mama<\/h3>\n<p>A Doen\u00e7a de Paget da mama \u00e9 um raro tipo de c\u00e2ncer que se localiza principalmente na regi\u00e3o das ar\u00e9olas e mamilos. Al\u00e9m disso, seus sintomas principais incluem vermelhid\u00e3o, dor, sensibilidade e prurido (coceira).<\/p>\n<h3>C\u00e2ncer de mama inflamat\u00f3rio<\/h3>\n<p>O c\u00e2ncer de mama inflamat\u00f3rio \u00e9 um tipo de c\u00e2ncer considerado raro e not\u00e1vel devido \u00e0s suas caracter\u00edsticas distintas. Em suma, este c\u00e2ncer ocorre quando os vasos linf\u00e1ticos da pele da mama s\u00e3o bloqueados pelas c\u00e9lulas cancer\u00edgenas, impedindo assim a drenagem linf\u00e1tica adequada das mamas. Como resultado, pode provocar um incha\u00e7o not\u00e1vel nas mamas, o que pode dificultar o diagn\u00f3stico.<\/p>\n<p>&nbsp;<\/p>\n<h2>Fatores de risco que aumentam a chance do c\u00e2ncer de mama que dependem do comportamento do paciente<\/h2>\n<h3>Sobrepeso e obesidade<\/h3>\n<p>Estar acima do peso \u00e9 um fator que pode aumentar o risco de desenvolvimento da doen\u00e7a. \u00c9 crucial prestar aten\u00e7\u00e3o ao seu bem-estar f\u00edsico. Adotar um estilo de vida mais saud\u00e1vel pode proporcionar in\u00fameros benef\u00edcios, incluindo a preven\u00e7\u00e3o do c\u00e2ncer de mama.<\/p>\n<h3>Sedentarismo<\/h3>\n<p>A pr\u00e1tica regular de atividades f\u00edsicas \u00e9 uma eficaz maneira de reduzir o risco dessa e de demais doen\u00e7as. Em resumo, \u00e9 aconselh\u00e1vel se exercitar entre 3 a 4 horas semanais. Comece de forma gradual, com caminhadas di\u00e1rias de 15 minutos, aumentando progressivamente a dura\u00e7\u00e3o e a intensidade do exerc\u00edcio.<\/p>\n<h3>Consumo de \u00e1lcool<\/h3>\n<p>O consumo de \u00e1lcool, mesmo em quantidades moderadas, \u00e9 considerado um fator de risco para v\u00e1rios tipos de c\u00e2ncer, incluindo o de mama. Ademais, tr\u00eas doses de \u00e1lcool por semana podem aumentar o risco de c\u00e2ncer em 15% e cada dose adicional aumenta esse risco em 10%. Uma dose \u00e9 considerada como 350 ml de \u00e1lcool, 150 ml de cerveja ou 50 ml de destilado.<\/p>\n<h3>Tabagismo e o c\u00e2ncer de mama<\/h3>\n<p>O tabagismo est\u00e1 associado a diversas doen\u00e7as, como acidentes vasculares cerebrais (AVC), infartos, c\u00e2ncer de pulm\u00e3o, e tamb\u00e9m ao aumento do risco de c\u00e2ncer de mama, particularmente em mulheres mais jovens, pr\u00e9-menopausa. Dessa forma, estudos tamb\u00e9m indicam uma poss\u00edvel conex\u00e3o entre a exposi\u00e7\u00e3o excessiva ao fumo passivo e o risco de c\u00e2ncer de mama em mulheres p\u00f3s-menopausa.<\/p>\n<p>&nbsp;<\/p>\n<p>Al\u00e9m disso, fumar pode acarretar complica\u00e7\u00f5es durante o tratamento do c\u00e2ncer de mama, incluindo danos aos pulm\u00f5es causados pela radioterapia, dificuldade na cicatriza\u00e7\u00e3o ap\u00f3s cirurgia e reconstru\u00e7\u00e3o mam\u00e1ria, e aumento do risco de co\u00e1gulos sangu\u00edneos quando se utiliza medicamentos para terapia hormonal.<\/p>\n<h2 data-start=\"168\" data-end=\"258\">Bruna Furlan de N\u00f3brega e o alerta sobre c\u00e2ncer de mama em mulheres jovens<\/h2>\n<p data-start=\"260\" data-end=\"633\">Diagnosticada com <strong>c\u00e2ncer de mama aos 24 anos<\/strong>, Bruna Furlan de N\u00f3brega trouxe \u00e0 tona uma discuss\u00e3o ainda pouco explorada fora do meio m\u00e9dico: os impactos do tratamento oncol\u00f3gico na fertilidade feminina. Al\u00e9m disso, antes de iniciar a quimioterapia, a influenciadora optou pelo congelamento de \u00f3vulos, uma medida preventiva que amplia as possibilidades de maternidade ap\u00f3s o tratamento.<\/p>\n<p data-start=\"635\" data-end=\"1004\">A quimioterapia e a hormonioterapia podem afetar diretamente os ov\u00e1rios, aumentando o risco de fal\u00eancia ovariana precoce, e foi esse impacto que motivou a escolha pela preserva\u00e7\u00e3o da fertilidade.Ao tornar p\u00fablica sua decis\u00e3o, Bruna ajudou a informar outras mulheres jovens sobre a import\u00e2ncia de discutir a preserva\u00e7\u00e3o da fertilidade logo ap\u00f3s o diagn\u00f3stico, sempre que houver seguran\u00e7a cl\u00ednica para isso.<\/p>\n<p data-start=\"1006\" data-end=\"1350\">Al\u00e9m do aspecto f\u00edsico, o relato de Bruna tamb\u00e9m evidenciou o impacto emocional de enfrentar o c\u00e2ncer de mama em idade t\u00e3o precoce. Ao compartilhar sua experi\u00eancia, ela refor\u00e7ou a necessidade de um cuidado oncol\u00f3gico mais amplo, que considere n\u00e3o apenas a cura da doen\u00e7a, mas tamb\u00e9m os projetos de vida, a sa\u00fade mental e o futuro das pacientes.<\/p>\n<h2>Fatores de risco independentes do comportamento do paciente<\/h2>\n<p>Embora certos fatores de risco para o c\u00e2ncer de mama estejam ligados ao estilo de vida e comportamento, existem outros que est\u00e3o fora do controle do indiv\u00edduo. Nestes casos, a melhor abordagem \u00e9 seguir orienta\u00e7\u00f5es m\u00e9dicas para detectar precocemente. Tais fatores incluem:<\/p>\n<p>&nbsp;<\/p>\n<ul>\n<li><strong>Idade:<\/strong> O risco de desenvolver a doen\u00e7a aumenta com a idade, sendo maior em mulheres com 40 anos ou mais no Brasil;<\/li>\n<\/ul>\n<p>&nbsp;<\/p>\n<ul>\n<li><strong>Gen\u00e9tica:<\/strong> Possuir ou herdar um gene com muta\u00e7\u00e3o para c\u00e2ncer de mama tamb\u00e9m \u00e9 um fator de risco significativo;<\/li>\n<\/ul>\n<p>&nbsp;<\/p>\n<ul>\n<li><strong>Hist\u00f3rico familiar:<\/strong> O hist\u00f3rico familiar ou de ov\u00e1rio antes dos 50 anos em parentes de primeiro grau pode aumentar o risco;<\/li>\n<\/ul>\n<p>&nbsp;<\/p>\n<ul>\n<li><strong>Hist\u00f3rico pessoal de c\u00e2ncer:<\/strong> Indiv\u00edduos que j\u00e1 tiveram c\u00e2ncer t\u00eam uma probabilidade 3 a 4 vezes maior de desenvolver um novo c\u00e2ncer;<\/li>\n<\/ul>\n<p>&nbsp;<\/p>\n<ul>\n<li><strong>Tratamento radioter\u00e1pico pr\u00e9vio:<\/strong> A radioterapia pr\u00e9via na regi\u00e3o do t\u00f3rax ou rosto antes dos 30 anos pode aumentar o risco;<\/li>\n<\/ul>\n<p>&nbsp;<\/p>\n<ul>\n<li><strong>Diagn\u00f3stico pr\u00e9vio de altera\u00e7\u00f5es em bi\u00f3psias:<\/strong> Certas altera\u00e7\u00f5es diagnosticadas em bi\u00f3psias podem aumentar proporcionalmente o risco de c\u00e2ncer de mama, como hiperplasia ductal sem atipia, fibroadenoma complexo, adenose esclerosante, papiloma ou papilomatose, cicatriz radial; hiperplasia ductal at\u00edpica e hiperplasia lobular at\u00edpica; e Carcinoma lobular in situ (LCIS);<\/li>\n<\/ul>\n<p>&nbsp;<\/p>\n<ul>\n<li><strong>Mamas densas:<\/strong> Na <a href=\"https:\/\/www.megaimagem.com.br\/blog\/qual-a-diferenca-de-mamografia-e-ultrassom-de-mamas\/\">mamografia<\/a>, mamas densas podem duplicar o risco de desenvolvimento de c\u00e2ncer de mama;<\/li>\n<\/ul>\n<p>&nbsp;<\/p>\n<ul>\n<li><strong>Hist\u00f3rico menstrual:<\/strong> O in\u00edcio da menstrua\u00e7\u00e3o antes dos 12 anos (influenciado por fatores como obesidade e exposi\u00e7\u00e3o a desreguladores hormonais) e a menopausa ap\u00f3s os 55 anos, s\u00e3o fatores que podem aumentar o risco de desenvolvimento da doen\u00e7a.<\/li>\n<\/ul>\n<p>&nbsp;<\/p>\n<p><iframe loading=\"lazy\" title=\"Como lidar com o C\u00e2ncer de Mama?\" src=\"https:\/\/www.youtube.com\/embed\/0wogiPmc96U\" width=\"727\" height=\"409\" frameborder=\"0\" allowfullscreen=\"allowfullscreen\"><\/iframe><\/p>\n<p>Gostou deste artigo? Acesse nosso site e veja quais exames voc\u00ea pode fazer para identificar o c\u00e2ncer de mama.<\/p>\n<h2>Em resumo<\/h2>\n<div>\n<div id=\"em5qadOAJLrW1sQP-K3TqQo__79\">\n<div class=\"wQiwMc related-question-pair\" data-lk=\"Gitjb21vIHBvZGVtb3Mgc2UgcHJldmVuaXIgZG8gY8OibmNlciBkZSBtYW1h\" data-q=\"Como podemos prevenir o c\u00e2ncer de mama?\" data-ved=\"2ahUKEwjTpZiixJCSAxU6q5UCHfjWNKUQq7kBKAB6BAhnEAA\">\n<div class=\"roMIYb o3PDvf HYvwY cS7M8 oST1qe g7pt6d h373nd ilulF\" data-dic=\"\" data-ullb=\"\" data-g=\"\" data-sm=\"\">\n<div data-hveid=\"CGcQAQ\" data-ved=\"2ahUKEwjTpZiixJCSAxU6q5UCHfjWNKUQj7gIegQIZxAB\">\n<div class=\"dnXCYb\" tabindex=\"0\" role=\"button\" aria-controls=\"_em5qadOAJLrW1sQP-K3TqQo_91\" aria-expanded=\"false\">\n<h3 class=\"JlqpRe\"><span class=\"JCzEY tNxQIb\"><span class=\"CSkcDe\">Como podemos prevenir o c\u00e2ncer de mama?<\/span><\/span><\/h3>\n<div class=\"p8Jhnd\">\n<div class=\"aj35ze\">A preven\u00e7\u00e3o do c\u00e2ncer de mama envolve manter h\u00e1bitos saud\u00e1veis, praticar atividade f\u00edsica, evitar consumo excessivo de \u00e1lcool, n\u00e3o fumar, manter peso adequado, realizar exames de rotina e buscar avalia\u00e7\u00e3o m\u00e9dica ao notar qualquer altera\u00e7\u00e3o nas mamas.<\/div>\n<\/div>\n<\/div>\n<\/div>\n<\/div>\n<\/div>\n<\/div>\n<\/div>\n<div>\n<div id=\"em5qadOAJLrW1sQP-K3TqQo__82\">\n<div class=\"wQiwMc related-question-pair\" data-lk=\"GhljYW5jZXIgZGUgbWFtYSBlc3RyYXRlZ2lh\" data-q=\"Quais s\u00e3o as estrat\u00e9gias para prevenir o c\u00e2ncer de mama?\" data-ved=\"2ahUKEwjTpZiixJCSAxU6q5UCHfjWNKUQq7kBKAB6BAhkEAA\">\n<div class=\"roMIYb o3PDvf HYvwY oST1qe g7pt6d h373nd ilulF\" data-dic=\"\" data-ullb=\"\" data-g=\"\" data-sm=\"\">\n<div data-hveid=\"CGQQAQ\" data-ved=\"2ahUKEwjTpZiixJCSAxU6q5UCHfjWNKUQj7gIegQIZBAB\">\n<div class=\"dnXCYb\" tabindex=\"0\" role=\"button\" aria-controls=\"_em5qadOAJLrW1sQP-K3TqQo_89\" aria-expanded=\"false\">\n<h3 class=\"JlqpRe\"><span class=\"JCzEY tNxQIb\"><span class=\"CSkcDe\">Quais s\u00e3o as estrat\u00e9gias para prevenir o c\u00e2ncer de mama?<\/span><\/span><\/h3>\n<div class=\"L3Ezfd\" data-ved=\"2ahUKEwjTpZiixJCSAxU6q5UCHfjWNKUQuk56BAhkEAI\">As estrat\u00e9gias incluem rastreamento regular com mamografia conforme idade e risco, acompanhamento m\u00e9dico, alimenta\u00e7\u00e3o equilibrada, controle do estresse, amamenta\u00e7\u00e3o quando poss\u00edvel e informa\u00e7\u00e3o sobre hist\u00f3rico familiar e fatores gen\u00e9ticos associados \u00e0 doen\u00e7a.<\/div>\n<\/div>\n<\/div>\n<\/div>\n<\/div>\n<\/div>\n<\/div>\n<div>\n<div id=\"em5qadOAJLrW1sQP-K3TqQo__85\">\n<div class=\"wQiwMc related-question-pair\" data-lk=\"GiNxdWFpcyBzw6NvIGFzIGZvcm1hcyBkZSBwcmV2ZW7Dp8Ojbw\" data-q=\"Quais s\u00e3o as formas de preven\u00e7\u00e3o?\" data-ved=\"2ahUKEwjTpZiixJCSAxU6q5UCHfjWNKUQq7kBKAB6BAhhEAA\">\n<div class=\"roMIYb o3PDvf HYvwY oST1qe g7pt6d h373nd ilulF\" data-dic=\"\" data-ullb=\"\" data-g=\"\" data-sm=\"\">\n<div data-hveid=\"CGEQAQ\" data-ved=\"2ahUKEwjTpZiixJCSAxU6q5UCHfjWNKUQj7gIegQIYRAB\">\n<div class=\"dnXCYb\" tabindex=\"0\" role=\"button\" aria-controls=\"_em5qadOAJLrW1sQP-K3TqQo_87\" aria-expanded=\"false\">\n<h3 class=\"JlqpRe\"><span class=\"JCzEY tNxQIb\"><span class=\"CSkcDe\">Quais s\u00e3o as formas de preven\u00e7\u00e3o?<\/span><\/span><\/h3>\n<\/div>\n<\/div>\n<div>As formas de preven\u00e7\u00e3o abrangem a\u00e7\u00f5es prim\u00e1rias, como estilo de vida saud\u00e1vel, e secund\u00e1rias, como diagn\u00f3stico precoce por exames de imagem, consultas regulares, aten\u00e7\u00e3o aos sinais do corpo e ades\u00e3o \u00e0s orienta\u00e7\u00f5es m\u00e9dicas personalizadas.<\/div>\n<\/div>\n<\/div>\n<\/div>\n<\/div>\n","protected":false},"excerpt":{"rendered":"<p>Antes de mais nada, \u00e9 importante dizer que o\u00a0c\u00e2ncer de mama \u00e9 a doen\u00e7a mais comum entre as mulheres no mundo e no Brasil. &nbsp; Desta forma, entre 2023 e 2025, a estimativa \u00e9 de 73 mil casos novos de c\u00e2ncer de mama segundo O Instituto Nacional do C\u00e2ncer (INCA). Exclu\u00eddo o c\u00e2ncer de pele [&hellip;]<\/p>\n","protected":false},"author":10,"featured_media":35386,"comment_status":"closed","ping_status":"open","sticky":false,"template":"","format":"standard","meta":{"inline_featured_image":false,"footnotes":""},"categories":[4,2672,2678],"tags":[2425,17],"yoast_head":"<!-- This site is optimized with the Yoast SEO plugin v23.0 - https:\/\/yoast.com\/wordpress\/plugins\/seo\/ -->\n<title>C\u00e2ncer de mama: como se prevenir? &#8211; Mega Imagem<\/title>\n<meta name=\"description\" content=\"O c\u00e2ncer de mama \u00e9 a doen\u00e7a mais comum entre as mulheres. Desta forma, em 2021, a estimativa \u00e9 de 66.280 casos novos de c\u00e2ncer de mama.\" \/>\n<meta name=\"robots\" content=\"noindex, follow, max-snippet:-1, max-image-preview:large, max-video-preview:-1\" \/>\n<meta property=\"og:locale\" content=\"pt_BR\" \/>\n<meta property=\"og:type\" content=\"article\" \/>\n<meta property=\"og:title\" content=\"C\u00e2ncer de mama: como se prevenir? &#8211; Mega Imagem\" \/>\n<meta property=\"og:description\" content=\"O c\u00e2ncer de mama \u00e9 a doen\u00e7a mais comum entre as mulheres. Desta forma, em 2021, a estimativa \u00e9 de 66.280 casos novos de c\u00e2ncer de mama.\" \/>\n<meta property=\"og:url\" content=\"https:\/\/www.megaimagem.com.br\/wp\/blog\/prevencao-cancer-de-mama\/\" \/>\n<meta property=\"og:site_name\" content=\"Mega Imagem\" \/>\n<meta property=\"article:publisher\" content=\"https:\/\/www.facebook.com\/megaimagemclinica\" \/>\n<meta property=\"article:published_time\" content=\"2019-10-28T12:57:39+00:00\" \/>\n<meta property=\"article:modified_time\" content=\"2026-01-16T17:09:08+00:00\" \/>\n<meta property=\"og:image\" content=\"https:\/\/www.megaimagem.com.br\/wp\/wp-content\/uploads\/2019\/10\/1.png\" \/>\n\t<meta property=\"og:image:width\" content=\"1800\" \/>\n\t<meta property=\"og:image:height\" content=\"700\" \/>\n\t<meta property=\"og:image:type\" content=\"image\/png\" \/>\n<meta name=\"author\" content=\"Equipe Mega Imagem\" \/>\n<meta name=\"twitter:card\" content=\"summary_large_image\" \/>\n<meta name=\"twitter:label1\" content=\"Escrito por\" \/>\n\t<meta name=\"twitter:data1\" content=\"Equipe Mega Imagem\" \/>\n\t<meta name=\"twitter:label2\" content=\"Est. tempo de leitura\" \/>\n\t<meta name=\"twitter:data2\" content=\"9 minutos\" \/>\n<script type=\"application\/ld+json\" class=\"yoast-schema-graph\">{\"@context\":\"https:\/\/schema.org\",\"@graph\":[{\"@type\":\"Article\",\"@id\":\"https:\/\/www.megaimagem.com.br\/wp\/blog\/prevencao-cancer-de-mama\/#article\",\"isPartOf\":{\"@id\":\"https:\/\/www.megaimagem.com.br\/wp\/blog\/prevencao-cancer-de-mama\/\"},\"author\":{\"name\":\"Equipe Mega Imagem\",\"@id\":\"https:\/\/www.megaimagem.com.br\/wp\/#\/schema\/person\/c4879ab1e663e64b5d83b218067e8bdb\"},\"headline\":\"C\u00e2ncer de mama: como se prevenir?\",\"datePublished\":\"2019-10-28T12:57:39+00:00\",\"dateModified\":\"2026-01-16T17:09:08+00:00\",\"mainEntityOfPage\":{\"@id\":\"https:\/\/www.megaimagem.com.br\/wp\/blog\/prevencao-cancer-de-mama\/\"},\"wordCount\":1810,\"publisher\":{\"@id\":\"https:\/\/www.megaimagem.com.br\/wp\/#organization\"},\"image\":{\"@id\":\"https:\/\/www.megaimagem.com.br\/wp\/blog\/prevencao-cancer-de-mama\/#primaryimage\"},\"thumbnailUrl\":\"https:\/\/www.megaimagem.com.br\/wp\/wp-content\/uploads\/2019\/10\/1.png\",\"keywords\":[\"c\u00e2ncer de mama\",\"mamografia\"],\"articleSection\":[\"Artigos\",\"Outubro Rosa\",\"Sa\u00fade da Mulher\"],\"inLanguage\":\"pt-BR\"},{\"@type\":\"WebPage\",\"@id\":\"https:\/\/www.megaimagem.com.br\/wp\/blog\/prevencao-cancer-de-mama\/\",\"url\":\"https:\/\/www.megaimagem.com.br\/wp\/blog\/prevencao-cancer-de-mama\/\",\"name\":\"C\u00e2ncer de mama: como se prevenir? &#8211; Mega Imagem\",\"isPartOf\":{\"@id\":\"https:\/\/www.megaimagem.com.br\/wp\/#website\"},\"primaryImageOfPage\":{\"@id\":\"https:\/\/www.megaimagem.com.br\/wp\/blog\/prevencao-cancer-de-mama\/#primaryimage\"},\"image\":{\"@id\":\"https:\/\/www.megaimagem.com.br\/wp\/blog\/prevencao-cancer-de-mama\/#primaryimage\"},\"thumbnailUrl\":\"https:\/\/www.megaimagem.com.br\/wp\/wp-content\/uploads\/2019\/10\/1.png\",\"datePublished\":\"2019-10-28T12:57:39+00:00\",\"dateModified\":\"2026-01-16T17:09:08+00:00\",\"description\":\"O c\u00e2ncer de mama \u00e9 a doen\u00e7a mais comum entre as mulheres. Desta forma, em 2021, a estimativa \u00e9 de 66.280 casos novos de c\u00e2ncer de mama.\",\"breadcrumb\":{\"@id\":\"https:\/\/www.megaimagem.com.br\/wp\/blog\/prevencao-cancer-de-mama\/#breadcrumb\"},\"inLanguage\":\"pt-BR\",\"potentialAction\":[{\"@type\":\"ReadAction\",\"target\":[\"https:\/\/www.megaimagem.com.br\/wp\/blog\/prevencao-cancer-de-mama\/\"]}]},{\"@type\":\"ImageObject\",\"inLanguage\":\"pt-BR\",\"@id\":\"https:\/\/www.megaimagem.com.br\/wp\/blog\/prevencao-cancer-de-mama\/#primaryimage\",\"url\":\"https:\/\/www.megaimagem.com.br\/wp\/wp-content\/uploads\/2019\/10\/1.png\",\"contentUrl\":\"https:\/\/www.megaimagem.com.br\/wp\/wp-content\/uploads\/2019\/10\/1.png\",\"width\":1800,\"height\":700,\"caption\":\"Os la\u00e7os rosa simbolizam a luta contra o c\u00e2ncer de mama e refor\u00e7am a import\u00e2ncia do diagn\u00f3stico precoce, do autocuidado e do acesso \u00e0 informa\u00e7\u00e3o de qualidade.\"},{\"@type\":\"BreadcrumbList\",\"@id\":\"https:\/\/www.megaimagem.com.br\/wp\/blog\/prevencao-cancer-de-mama\/#breadcrumb\",\"itemListElement\":[{\"@type\":\"ListItem\",\"position\":1,\"name\":\"In\u00edcio\",\"item\":\"https:\/\/www.megaimagem.com.br\/wp\/\"},{\"@type\":\"ListItem\",\"position\":2,\"name\":\"C\u00e2ncer de mama: como se prevenir?\"}]},{\"@type\":\"WebSite\",\"@id\":\"https:\/\/www.megaimagem.com.br\/wp\/#website\",\"url\":\"https:\/\/www.megaimagem.com.br\/wp\/\",\"name\":\"Mega Imagem\",\"description\":\"Diagn\u00f3stico por imagem de alta tecnologia, precis\u00e3o e seguran\u00e7a\",\"publisher\":{\"@id\":\"https:\/\/www.megaimagem.com.br\/wp\/#organization\"},\"potentialAction\":[{\"@type\":\"SearchAction\",\"target\":{\"@type\":\"EntryPoint\",\"urlTemplate\":\"https:\/\/www.megaimagem.com.br\/wp\/?s={search_term_string}\"},\"query-input\":\"required name=search_term_string\"}],\"inLanguage\":\"pt-BR\"},{\"@type\":\"Organization\",\"@id\":\"https:\/\/www.megaimagem.com.br\/wp\/#organization\",\"name\":\"Mega Imagem\",\"url\":\"https:\/\/www.megaimagem.com.br\/wp\/\",\"logo\":{\"@type\":\"ImageObject\",\"inLanguage\":\"pt-BR\",\"@id\":\"https:\/\/www.megaimagem.com.br\/wp\/#\/schema\/logo\/image\/\",\"url\":\"https:\/\/www.megaimagem.com.br\/wp\/wp-content\/uploads\/2019\/04\/logo@2x.png\",\"contentUrl\":\"https:\/\/www.megaimagem.com.br\/wp\/wp-content\/uploads\/2019\/04\/logo@2x.png\",\"width\":2001,\"height\":759,\"caption\":\"Mega Imagem\"},\"image\":{\"@id\":\"https:\/\/www.megaimagem.com.br\/wp\/#\/schema\/logo\/image\/\"},\"sameAs\":[\"https:\/\/www.facebook.com\/megaimagemclinica\"]},{\"@type\":\"Person\",\"@id\":\"https:\/\/www.megaimagem.com.br\/wp\/#\/schema\/person\/c4879ab1e663e64b5d83b218067e8bdb\",\"name\":\"Equipe Mega Imagem\",\"url\":\"https:\/\/www.megaimagem.com.br\/wp\/blog\/author\/bartiraaraujo\/\"}]}<\/script>\n<!-- \/ Yoast SEO plugin. -->","yoast_head_json":{"title":"C\u00e2ncer de mama: como se prevenir? &#8211; Mega Imagem","description":"O c\u00e2ncer de mama \u00e9 a doen\u00e7a mais comum entre as mulheres. Desta forma, em 2021, a estimativa \u00e9 de 66.280 casos novos de c\u00e2ncer de mama.","robots":{"index":"noindex","follow":"follow","max-snippet":"max-snippet:-1","max-image-preview":"max-image-preview:large","max-video-preview":"max-video-preview:-1"},"og_locale":"pt_BR","og_type":"article","og_title":"C\u00e2ncer de mama: como se prevenir? &#8211; Mega Imagem","og_description":"O c\u00e2ncer de mama \u00e9 a doen\u00e7a mais comum entre as mulheres. Desta forma, em 2021, a estimativa \u00e9 de 66.280 casos novos de c\u00e2ncer de mama.","og_url":"https:\/\/www.megaimagem.com.br\/wp\/blog\/prevencao-cancer-de-mama\/","og_site_name":"Mega Imagem","article_publisher":"https:\/\/www.facebook.com\/megaimagemclinica","article_published_time":"2019-10-28T12:57:39+00:00","article_modified_time":"2026-01-16T17:09:08+00:00","og_image":[{"width":1800,"height":700,"url":"https:\/\/www.megaimagem.com.br\/wp\/wp-content\/uploads\/2019\/10\/1.png","type":"image\/png"}],"author":"Equipe Mega Imagem","twitter_card":"summary_large_image","twitter_misc":{"Escrito por":"Equipe Mega Imagem","Est. tempo de leitura":"9 minutos"},"schema":{"@context":"https:\/\/schema.org","@graph":[{"@type":"Article","@id":"https:\/\/www.megaimagem.com.br\/wp\/blog\/prevencao-cancer-de-mama\/#article","isPartOf":{"@id":"https:\/\/www.megaimagem.com.br\/wp\/blog\/prevencao-cancer-de-mama\/"},"author":{"name":"Equipe Mega Imagem","@id":"https:\/\/www.megaimagem.com.br\/wp\/#\/schema\/person\/c4879ab1e663e64b5d83b218067e8bdb"},"headline":"C\u00e2ncer de mama: como se prevenir?","datePublished":"2019-10-28T12:57:39+00:00","dateModified":"2026-01-16T17:09:08+00:00","mainEntityOfPage":{"@id":"https:\/\/www.megaimagem.com.br\/wp\/blog\/prevencao-cancer-de-mama\/"},"wordCount":1810,"publisher":{"@id":"https:\/\/www.megaimagem.com.br\/wp\/#organization"},"image":{"@id":"https:\/\/www.megaimagem.com.br\/wp\/blog\/prevencao-cancer-de-mama\/#primaryimage"},"thumbnailUrl":"https:\/\/www.megaimagem.com.br\/wp\/wp-content\/uploads\/2019\/10\/1.png","keywords":["c\u00e2ncer de mama","mamografia"],"articleSection":["Artigos","Outubro Rosa","Sa\u00fade da Mulher"],"inLanguage":"pt-BR"},{"@type":"WebPage","@id":"https:\/\/www.megaimagem.com.br\/wp\/blog\/prevencao-cancer-de-mama\/","url":"https:\/\/www.megaimagem.com.br\/wp\/blog\/prevencao-cancer-de-mama\/","name":"C\u00e2ncer de mama: como se prevenir? &#8211; Mega Imagem","isPartOf":{"@id":"https:\/\/www.megaimagem.com.br\/wp\/#website"},"primaryImageOfPage":{"@id":"https:\/\/www.megaimagem.com.br\/wp\/blog\/prevencao-cancer-de-mama\/#primaryimage"},"image":{"@id":"https:\/\/www.megaimagem.com.br\/wp\/blog\/prevencao-cancer-de-mama\/#primaryimage"},"thumbnailUrl":"https:\/\/www.megaimagem.com.br\/wp\/wp-content\/uploads\/2019\/10\/1.png","datePublished":"2019-10-28T12:57:39+00:00","dateModified":"2026-01-16T17:09:08+00:00","description":"O c\u00e2ncer de mama \u00e9 a doen\u00e7a mais comum entre as mulheres. Desta forma, em 2021, a estimativa \u00e9 de 66.280 casos novos de c\u00e2ncer de mama.","breadcrumb":{"@id":"https:\/\/www.megaimagem.com.br\/wp\/blog\/prevencao-cancer-de-mama\/#breadcrumb"},"inLanguage":"pt-BR","potentialAction":[{"@type":"ReadAction","target":["https:\/\/www.megaimagem.com.br\/wp\/blog\/prevencao-cancer-de-mama\/"]}]},{"@type":"ImageObject","inLanguage":"pt-BR","@id":"https:\/\/www.megaimagem.com.br\/wp\/blog\/prevencao-cancer-de-mama\/#primaryimage","url":"https:\/\/www.megaimagem.com.br\/wp\/wp-content\/uploads\/2019\/10\/1.png","contentUrl":"https:\/\/www.megaimagem.com.br\/wp\/wp-content\/uploads\/2019\/10\/1.png","width":1800,"height":700,"caption":"Os la\u00e7os rosa simbolizam a luta contra o c\u00e2ncer de mama e refor\u00e7am a import\u00e2ncia do diagn\u00f3stico precoce, do autocuidado e do acesso \u00e0 informa\u00e7\u00e3o de qualidade."},{"@type":"BreadcrumbList","@id":"https:\/\/www.megaimagem.com.br\/wp\/blog\/prevencao-cancer-de-mama\/#breadcrumb","itemListElement":[{"@type":"ListItem","position":1,"name":"In\u00edcio","item":"https:\/\/www.megaimagem.com.br\/wp\/"},{"@type":"ListItem","position":2,"name":"C\u00e2ncer de mama: como se prevenir?"}]},{"@type":"WebSite","@id":"https:\/\/www.megaimagem.com.br\/wp\/#website","url":"https:\/\/www.megaimagem.com.br\/wp\/","name":"Mega Imagem","description":"Diagn\u00f3stico por imagem de alta tecnologia, precis\u00e3o e seguran\u00e7a","publisher":{"@id":"https:\/\/www.megaimagem.com.br\/wp\/#organization"},"potentialAction":[{"@type":"SearchAction","target":{"@type":"EntryPoint","urlTemplate":"https:\/\/www.megaimagem.com.br\/wp\/?s={search_term_string}"},"query-input":"required name=search_term_string"}],"inLanguage":"pt-BR"},{"@type":"Organization","@id":"https:\/\/www.megaimagem.com.br\/wp\/#organization","name":"Mega Imagem","url":"https:\/\/www.megaimagem.com.br\/wp\/","logo":{"@type":"ImageObject","inLanguage":"pt-BR","@id":"https:\/\/www.megaimagem.com.br\/wp\/#\/schema\/logo\/image\/","url":"https:\/\/www.megaimagem.com.br\/wp\/wp-content\/uploads\/2019\/04\/logo@2x.png","contentUrl":"https:\/\/www.megaimagem.com.br\/wp\/wp-content\/uploads\/2019\/04\/logo@2x.png","width":2001,"height":759,"caption":"Mega Imagem"},"image":{"@id":"https:\/\/www.megaimagem.com.br\/wp\/#\/schema\/logo\/image\/"},"sameAs":["https:\/\/www.facebook.com\/megaimagemclinica"]},{"@type":"Person","@id":"https:\/\/www.megaimagem.com.br\/wp\/#\/schema\/person\/c4879ab1e663e64b5d83b218067e8bdb","name":"Equipe Mega Imagem","url":"https:\/\/www.megaimagem.com.br\/wp\/blog\/author\/bartiraaraujo\/"}]}},"_links":{"self":[{"href":"https:\/\/www.megaimagem.com.br\/wp\/wp-json\/wp\/v2\/posts\/8526"}],"collection":[{"href":"https:\/\/www.megaimagem.com.br\/wp\/wp-json\/wp\/v2\/posts"}],"about":[{"href":"https:\/\/www.megaimagem.com.br\/wp\/wp-json\/wp\/v2\/types\/post"}],"author":[{"embeddable":true,"href":"https:\/\/www.megaimagem.com.br\/wp\/wp-json\/wp\/v2\/users\/10"}],"replies":[{"embeddable":true,"href":"https:\/\/www.megaimagem.com.br\/wp\/wp-json\/wp\/v2\/comments?post=8526"}],"version-history":[{"count":16,"href":"https:\/\/www.megaimagem.com.br\/wp\/wp-json\/wp\/v2\/posts\/8526\/revisions"}],"predecessor-version":[{"id":35388,"href":"https:\/\/www.megaimagem.com.br\/wp\/wp-json\/wp\/v2\/posts\/8526\/revisions\/35388"}],"wp:featuredmedia":[{"embeddable":true,"href":"https:\/\/www.megaimagem.com.br\/wp\/wp-json\/wp\/v2\/media\/35386"}],"wp:attachment":[{"href":"https:\/\/www.megaimagem.com.br\/wp\/wp-json\/wp\/v2\/media?parent=8526"}],"wp:term":[{"taxonomy":"category","embeddable":true,"href":"https:\/\/www.megaimagem.com.br\/wp\/wp-json\/wp\/v2\/categories?post=8526"},{"taxonomy":"post_tag","embeddable":true,"href":"https:\/\/www.megaimagem.com.br\/wp\/wp-json\/wp\/v2\/tags?post=8526"}],"curies":[{"name":"wp","href":"https:\/\/api.w.org\/{rel}","templated":true}]}}