{"id":34898,"date":"2025-01-22T10:30:05","date_gmt":"2025-01-22T13:30:05","guid":{"rendered":"https:\/\/www.megaimagem.com.br\/wp\/?p=34898"},"modified":"2025-01-21T15:51:23","modified_gmt":"2025-01-21T18:51:23","slug":"saude-mental-e-exames-de-imagem","status":"publish","type":"post","link":"https:\/\/www.megaimagem.com.br\/wp\/blog\/saude-mental-e-exames-de-imagem\/","title":{"rendered":"Sa\u00fade mental e exames de imagem: a rela\u00e7\u00e3o com o diagn\u00f3stico de doen\u00e7as neurol\u00f3gicas"},"content":{"rendered":"<p>A <strong>sa\u00fade mental<\/strong> \u00e9 uma parte muito importante do bem-estar, influenciando diretamente a qualidade de vida e as fun\u00e7\u00f5es neurol\u00f3gicas. Para identificar poss\u00edveis altera\u00e7\u00f5es no c\u00e9rebro que podem impactar a sa\u00fade mental, os exames de imagem t\u00eam um papel imprescind\u00edvel.<\/p>\n<p>&nbsp;<\/p>\n<p>Exames como a resson\u00e2ncia magn\u00e9tica e a tomografia computadorizada permitem uma an\u00e1lise detalhada do sistema nervoso central, auxiliando no diagn\u00f3stico de doen\u00e7as neurol\u00f3gicas como depress\u00e3o, ansiedade, <a href=\"https:\/\/www.megaimagem.com.br\/blog\/alzheimer-inovacoes-na-medicina\/\" target=\"_blank\" rel=\"noopener\">Alzheimer<\/a> e epilepsia.<\/p>\n<p>&nbsp;<\/p>\n<p>Neste artigo, falaremos mais sobre a rela\u00e7\u00e3o entre sa\u00fade mental, exames de imagem e o diagn\u00f3stico de doen\u00e7as neurol\u00f3gicas. Para saber mais, continue a leitura!<\/p>\n<p>&nbsp;<\/p>\n<h2><strong>Como a sa\u00fade mental est\u00e1 conectada aos exames de imagem?\u00a0<\/strong><\/h2>\n<p>Como vimos anteriormente, <strong>a sa\u00fade mental est\u00e1 intimamente ligada ao funcionamento do c\u00e9rebro e do sistema nervoso centra<\/strong>l, \u00e1reas que podem ser avaliadas detalhadamente por meio de exames de imagem.<\/p>\n<p>&nbsp;<\/p>\n<p>Isto ocorre com o uso de tecnologias como resson\u00e2ncia magn\u00e9tica (RM) e tomografia computadorizada (TC). Afinal de contas, estes procedimentos permitem ao m\u00e9dico identificar altera\u00e7\u00f5es estruturais e funcionais no c\u00e9rebro que podem estar associadas a condi\u00e7\u00f5es como depress\u00e3o, ansiedade, esquizofrenia e doen\u00e7as neurodegenerativas.<\/p>\n<p>&nbsp;<\/p>\n<p>Esses exames ajudam a detectar anormalidades como atrofia cerebral, les\u00f5es, tumores e disfun\u00e7\u00f5es em \u00e1reas respons\u00e1veis por emo\u00e7\u00f5es, mem\u00f3ria e comportamento. Al\u00e9m disso, t\u00e9cnicas como a resson\u00e2ncia magn\u00e9tica funcional (fMRI) possibilitam mapear a atividade cerebral em tempo real, fornecendo informa\u00e7\u00f5es cruciais sobre como o c\u00e9rebro responde a est\u00edmulos espec\u00edficos.<\/p>\n<p>&nbsp;<\/p>\n<p>O uso de exames de imagem serve para oferecer diagn\u00f3sticos mais precisos e tratamentos personalizados, de acordo com o que o paciente necessita.<\/p>\n<p>&nbsp;<\/p>\n<h3><strong>A import\u00e2ncia dos exames de imagem no diagn\u00f3stico de sa\u00fade neurol\u00f3gica<\/strong><\/h3>\n<p>O diagn\u00f3stico de problemas mentais e neurol\u00f3gicos podem ser feitos por meio de atendimento multidisciplinar. Al\u00e9m de consultas com m\u00e9dicos especialistas, \u00e9 necess\u00e1ria a realiza\u00e7\u00e3o de exames de imagem, como: tomografia computadorizada, <a href=\"https:\/\/www.megaimagem.com.br\/blog\/como-a-inteligencia-artificial-esta-transformando-a-ressonancia-magnetica\/\" target=\"_blank\" rel=\"noopener\">resson\u00e2ncia magn\u00e9tica<\/a>, entre outros.<\/p>\n<p>&nbsp;<\/p>\n<p>\u00c9 importante que o paciente n\u00e3o deixe de realizar nenhum dos procedimentos solicitados pelo especialista. Afinal, s\u00e3o esses resultados que apontar\u00e3o onde est\u00e1 o problema e quais s\u00e3o os passos seguintes para o in\u00edcio do tratamento.<\/p>\n<p>&nbsp;<\/p>\n<h2><strong>Exames de imagem e sa\u00fade mental: principais t\u00e9cnicas utilizadas\u00a0<\/strong><\/h2>\n<p>Os exames de imagem t\u00eam uma import\u00e2ncia muito grande na compreens\u00e3o da rela\u00e7\u00e3o entre sa\u00fade mental e altera\u00e7\u00f5es no c\u00e9rebro. Esses m\u00e9todos permitem visualizar e avaliar tanto as estruturas quanto as fun\u00e7\u00f5es cerebrais, ajudando no diagn\u00f3stico e no monitoramento de condi\u00e7\u00f5es neurol\u00f3gicas e psiqui\u00e1tricas.<\/p>\n<p>&nbsp;<\/p>\n<p>A resson\u00e2ncia magn\u00e9tica (RM) \u00e9 uma das t\u00e9cnicas mais utilizadas por sua alta precis\u00e3o na capta\u00e7\u00e3o de imagens detalhadas do c\u00e9rebro. Ela identifica anormalidades como atrofias, les\u00f5es e tumores, al\u00e9m de avaliar estruturas associadas a transtornos como depress\u00e3o, ansiedade e esquizofrenia. Uma varia\u00e7\u00e3o, a resson\u00e2ncia magn\u00e9tica funcional (fMRI), permite mapear a atividade cerebral em tempo real, mostrando quais \u00e1reas do c\u00e9rebro est\u00e3o ativas durante determinadas tarefas ou est\u00edmulos.<\/p>\n<p>&nbsp;<\/p>\n<p>A tomografia computadorizada (TC) \u00e9 amplamente utilizada por sua rapidez e efic\u00e1cia em emerg\u00eancias. Ela \u00e9 indicada para detectar les\u00f5es traum\u00e1ticas, hemorragias ou tumores que podem impactar a sa\u00fade mental.<\/p>\n<p>&nbsp;<\/p>\n<p>Outra t\u00e9cnica avan\u00e7ada \u00e9 a tomografia por emiss\u00e3o de p\u00f3sitrons (PET), que fornece informa\u00e7\u00f5es sobre o metabolismo cerebral e a circula\u00e7\u00e3o sangu\u00ednea, ajudando a identificar altera\u00e7\u00f5es funcionais precoces em condi\u00e7\u00f5es como Alzheimer e Parkinson.<\/p>\n<p>&nbsp;<\/p>\n<p>Por fim, o eletroencefalograma (EEG), embora n\u00e3o seja um exame de imagem, \u00e9 frequentemente usado em conjunto para avaliar a atividade el\u00e9trica cerebral em casos de epilepsia e transtornos do sono.<\/p>\n<p>&nbsp;<\/p>\n<p>Essas t\u00e9cnicas, combinadas com avalia\u00e7\u00f5es cl\u00ednicas, oferecem uma abordagem abrangente para compreender e tratar transtornos que afetam a sa\u00fade mental.<\/p>\n<p>&nbsp;<\/p>\n<p><img loading=\"lazy\" decoding=\"async\" class=\"aligncenter wp-image-34900 size-full\" src=\"https:\/\/www.megaimagem.com.br\/wp\/wp-content\/uploads\/2025\/01\/saude-mental.png\" alt=\"sa\u00fade mental\" width=\"1800\" height=\"700\" srcset=\"https:\/\/www.megaimagem.com.br\/wp\/wp-content\/uploads\/2025\/01\/saude-mental.png 1800w, https:\/\/www.megaimagem.com.br\/wp\/wp-content\/uploads\/2025\/01\/saude-mental-300x117.png 300w, https:\/\/www.megaimagem.com.br\/wp\/wp-content\/uploads\/2025\/01\/saude-mental-650x253.png 650w, https:\/\/www.megaimagem.com.br\/wp\/wp-content\/uploads\/2025\/01\/saude-mental-768x299.png 768w, https:\/\/www.megaimagem.com.br\/wp\/wp-content\/uploads\/2025\/01\/saude-mental-1536x597.png 1536w\" sizes=\"(max-width: 1800px) 100vw, 1800px\" \/><\/p>\n<p>&nbsp;<\/p>\n<h2><strong>Avan\u00e7os na tecnologia de exames de imagem para diagn\u00f3sticos neurol\u00f3gicos<\/strong><\/h2>\n<p>Os avan\u00e7os na tecnologia de exames de imagem t\u00eam revolucionado o diagn\u00f3stico de doen\u00e7as neurol\u00f3gicas, proporcionando maior precis\u00e3o e detalhamento na an\u00e1lise do c\u00e9rebro. T\u00e9cnicas modernas permitem identificar altera\u00e7\u00f5es estruturais e funcionais, muitas vezes em est\u00e1gios iniciais, possibilitando tratamentos mais eficientes.<\/p>\n<p>&nbsp;<\/p>\n<p>A resson\u00e2ncia magn\u00e9tica de alta resolu\u00e7\u00e3o \u00e9 um exemplo desses avan\u00e7os, oferecendo imagens mais n\u00edtidas e detalhadas do tecido cerebral. J\u00e1 a resson\u00e2ncia magn\u00e9tica funcional (fMRI) permite observar em tempo real as \u00e1reas do c\u00e9rebro em atividade, auxiliando no estudo de transtornos psiqui\u00e1tricos e no planejamento de cirurgias neurol\u00f3gicas.<\/p>\n<p>&nbsp;<\/p>\n<p>Outra inova\u00e7\u00e3o \u00e9 a resson\u00e2ncia magn\u00e9tica por difus\u00e3o (DTI), que avalia a integridade das conex\u00f5es cerebrais, sendo \u00fatil para estudar condi\u00e7\u00f5es como esclerose m\u00faltipla e les\u00f5es traum\u00e1ticas.<\/p>\n<p>&nbsp;<\/p>\n<p>A tomografia por emiss\u00e3o de p\u00f3sitrons (PET) tamb\u00e9m evoluiu, permitindo identificar padr\u00f5es metab\u00f3licos anormais associados a doen\u00e7as como Alzheimer, antes mesmo do surgimento de sintomas cl\u00ednicos.<\/p>\n<p>&nbsp;<\/p>\n<p>Al\u00e9m disso, t\u00e9cnicas h\u00edbridas como a PET-RM combinam os benef\u00edcios de ambas as tecnologias, unindo informa\u00e7\u00f5es funcionais e anat\u00f4micas em um \u00fanico exame.<\/p>\n<p>&nbsp;<\/p>\n<h2><strong>Considera\u00e7\u00f5es finais<\/strong><\/h2>\n<p>Todos os avan\u00e7os em exames de imagem est\u00e3o transformando a forma como doen\u00e7as neurol\u00f3gicas e mentais s\u00e3o diagnosticadas e tratadas. Dessa forma, o m\u00e9dico consegue utilizar uma estrat\u00e9gia de tratamento precisa e personalizada para cuidar da sa\u00fade de seus pacientes.<\/p>\n<p>&nbsp;<\/p>\n<p>Gostou deste conte\u00fado? Acesse nosso blog e leia nosso artigo sobre <a href=\"https:\/\/www.megaimagem.com.br\/blog\/ansiedade-brasil\/\" target=\"_blank\" rel=\"noopener\">ansiedade<\/a>.<\/p>\n<p>&nbsp;<\/p>\n<h2><strong>Resumindo<\/strong><\/h2>\n<h3><strong>Quais exames para detectar problemas neurol\u00f3gicos?<\/strong><\/h3>\n<p>Exames de neuroimagens s\u00e3o imprescind\u00edveis para a detec\u00e7\u00e3o de problemas neurol\u00f3gicos, s\u00e3o eles:<\/p>\n<p>Tomografia Computadorizada (TC);<br \/>\nResson\u00e2ncia Magn\u00e9tica (RM);<br \/>\nEletroencefalograma;<br \/>\nPun\u00e7\u00e3o lombar;<br \/>\nAngiotomografia de cr\u00e2nio; Eletroneuromiografia (ENMG);<br \/>\nExame do l\u00edquor.<\/p>\n<p>&nbsp;<\/p>\n<h3><strong>Quais s\u00e3o os exames de neuroimagem?<\/strong><\/h3>\n<p>\u00c9 importante ressaltar que os exames de neuroimagem s\u00e3o procedimentos que ajudam a avaliar a estrutura do c\u00e9rebro, sua fun\u00e7\u00e3o e mais detalhes do sistema nervoso. Os resultados s\u00e3o extremamente importantes para o diagn\u00f3sticos de doen\u00e7as que envolvam a sa\u00fade do c\u00e9rebro.<\/p>\n<p>&nbsp;<\/p>\n<h3><strong>Qual a diferen\u00e7a entre doen\u00e7as mentais e doen\u00e7as neurol\u00f3gicas?<\/strong><\/h3>\n<p>Embora possam ser diagnosticadas com exames semelhantes, as doen\u00e7as mentais e as neurol\u00f3gicas s\u00e3o diferentes. Os problemas mentais podem ser causados por desequil\u00edbrios qu\u00edmicos no c\u00e9rebro, fatores psicol\u00f3gicos, gen\u00e9ticos, entre outros. J\u00e1 os neurol\u00f3gicos s\u00e3o f\u00edsicos e envolvem o sistema nervoso, medula espinhal, m\u00fasculos e nervos.<\/p>\n","protected":false},"excerpt":{"rendered":"<p>A sa\u00fade mental \u00e9 uma parte muito importante do bem-estar, influenciando diretamente a qualidade de vida e as fun\u00e7\u00f5es neurol\u00f3gicas. Para identificar poss\u00edveis altera\u00e7\u00f5es no c\u00e9rebro que podem impactar a sa\u00fade mental, os exames de imagem t\u00eam um papel imprescind\u00edvel. &nbsp; Exames como a resson\u00e2ncia magn\u00e9tica e a tomografia computadorizada permitem uma an\u00e1lise detalhada do [&hellip;]<\/p>\n","protected":false},"author":10,"featured_media":34901,"comment_status":"closed","ping_status":"closed","sticky":false,"template":"","format":"standard","meta":{"inline_featured_image":false,"footnotes":""},"categories":[4],"tags":[2419,2533,387,2201,2631,297,377,33],"yoast_head":"<!-- This site is optimized with the Yoast SEO plugin v23.0 - https:\/\/yoast.com\/wordpress\/plugins\/seo\/ -->\n<title>Sa\u00fade mental e exames de imagem: a rela\u00e7\u00e3o com o diagn\u00f3stico de doen\u00e7as neurol\u00f3gicas &#8211; Mega Imagem<\/title>\n<meta name=\"description\" content=\"Entenda a rela\u00e7\u00e3o entre sa\u00fade mental e exames de imagem, como eles podem contribuir para um diagn\u00f3stico mais assertivo.\" \/>\n<meta name=\"robots\" content=\"noindex, follow, max-snippet:-1, max-image-preview:large, max-video-preview:-1\" \/>\n<meta property=\"og:locale\" content=\"pt_BR\" \/>\n<meta property=\"og:type\" content=\"article\" \/>\n<meta property=\"og:title\" content=\"Sa\u00fade mental e exames de imagem: a rela\u00e7\u00e3o com o diagn\u00f3stico de doen\u00e7as neurol\u00f3gicas &#8211; Mega Imagem\" \/>\n<meta property=\"og:description\" content=\"Entenda a rela\u00e7\u00e3o entre sa\u00fade mental e exames de imagem, como eles podem contribuir para um diagn\u00f3stico mais assertivo.\" \/>\n<meta property=\"og:url\" content=\"https:\/\/www.megaimagem.com.br\/wp\/blog\/saude-mental-e-exames-de-imagem\/\" \/>\n<meta property=\"og:site_name\" content=\"Mega Imagem\" \/>\n<meta property=\"article:publisher\" content=\"https:\/\/www.facebook.com\/megaimagemclinica\" \/>\n<meta property=\"article:published_time\" content=\"2025-01-22T13:30:05+00:00\" \/>\n<meta property=\"article:modified_time\" content=\"2025-01-21T18:51:23+00:00\" \/>\n<meta property=\"og:image\" content=\"https:\/\/www.megaimagem.com.br\/wp\/wp-content\/uploads\/2025\/01\/exames-de-imagem-e-saude-mental.png\" \/>\n\t<meta property=\"og:image:width\" content=\"1800\" \/>\n\t<meta property=\"og:image:height\" content=\"700\" \/>\n\t<meta property=\"og:image:type\" content=\"image\/png\" \/>\n<meta name=\"author\" content=\"Equipe Mega Imagem\" \/>\n<meta name=\"twitter:card\" content=\"summary_large_image\" \/>\n<meta name=\"twitter:label1\" content=\"Escrito por\" \/>\n\t<meta name=\"twitter:data1\" content=\"Equipe Mega Imagem\" \/>\n\t<meta name=\"twitter:label2\" content=\"Est. tempo de leitura\" \/>\n\t<meta name=\"twitter:data2\" content=\"6 minutos\" \/>\n<script type=\"application\/ld+json\" class=\"yoast-schema-graph\">{\"@context\":\"https:\/\/schema.org\",\"@graph\":[{\"@type\":\"Article\",\"@id\":\"https:\/\/www.megaimagem.com.br\/wp\/blog\/saude-mental-e-exames-de-imagem\/#article\",\"isPartOf\":{\"@id\":\"https:\/\/www.megaimagem.com.br\/wp\/blog\/saude-mental-e-exames-de-imagem\/\"},\"author\":{\"name\":\"Equipe Mega Imagem\",\"@id\":\"https:\/\/www.megaimagem.com.br\/wp\/#\/schema\/person\/c4879ab1e663e64b5d83b218067e8bdb\"},\"headline\":\"Sa\u00fade mental e exames de imagem: a rela\u00e7\u00e3o com o diagn\u00f3stico de doen\u00e7as neurol\u00f3gicas\",\"datePublished\":\"2025-01-22T13:30:05+00:00\",\"dateModified\":\"2025-01-21T18:51:23+00:00\",\"mainEntityOfPage\":{\"@id\":\"https:\/\/www.megaimagem.com.br\/wp\/blog\/saude-mental-e-exames-de-imagem\/\"},\"wordCount\":1176,\"publisher\":{\"@id\":\"https:\/\/www.megaimagem.com.br\/wp\/#organization\"},\"image\":{\"@id\":\"https:\/\/www.megaimagem.com.br\/wp\/blog\/saude-mental-e-exames-de-imagem\/#primaryimage\"},\"thumbnailUrl\":\"https:\/\/www.megaimagem.com.br\/wp\/wp-content\/uploads\/2025\/01\/exames-de-imagem-e-saude-mental.png\",\"keywords\":[\"alzheimer\",\"ansiedade\",\"depress\u00e3o\",\"exames de imagem\",\"resson\u00e2ncia de cr\u00e2nio\",\"resson\u00e2ncia magn\u00e9tica\",\"sa\u00fade mental\",\"tomografia\"],\"articleSection\":[\"Artigos\"],\"inLanguage\":\"pt-BR\"},{\"@type\":\"WebPage\",\"@id\":\"https:\/\/www.megaimagem.com.br\/wp\/blog\/saude-mental-e-exames-de-imagem\/\",\"url\":\"https:\/\/www.megaimagem.com.br\/wp\/blog\/saude-mental-e-exames-de-imagem\/\",\"name\":\"Sa\u00fade mental e exames de imagem: a rela\u00e7\u00e3o com o diagn\u00f3stico de doen\u00e7as neurol\u00f3gicas &#8211; Mega Imagem\",\"isPartOf\":{\"@id\":\"https:\/\/www.megaimagem.com.br\/wp\/#website\"},\"primaryImageOfPage\":{\"@id\":\"https:\/\/www.megaimagem.com.br\/wp\/blog\/saude-mental-e-exames-de-imagem\/#primaryimage\"},\"image\":{\"@id\":\"https:\/\/www.megaimagem.com.br\/wp\/blog\/saude-mental-e-exames-de-imagem\/#primaryimage\"},\"thumbnailUrl\":\"https:\/\/www.megaimagem.com.br\/wp\/wp-content\/uploads\/2025\/01\/exames-de-imagem-e-saude-mental.png\",\"datePublished\":\"2025-01-22T13:30:05+00:00\",\"dateModified\":\"2025-01-21T18:51:23+00:00\",\"description\":\"Entenda a rela\u00e7\u00e3o entre sa\u00fade mental e exames de imagem, como eles podem contribuir para um diagn\u00f3stico mais assertivo.\",\"breadcrumb\":{\"@id\":\"https:\/\/www.megaimagem.com.br\/wp\/blog\/saude-mental-e-exames-de-imagem\/#breadcrumb\"},\"inLanguage\":\"pt-BR\",\"potentialAction\":[{\"@type\":\"ReadAction\",\"target\":[\"https:\/\/www.megaimagem.com.br\/wp\/blog\/saude-mental-e-exames-de-imagem\/\"]}]},{\"@type\":\"ImageObject\",\"inLanguage\":\"pt-BR\",\"@id\":\"https:\/\/www.megaimagem.com.br\/wp\/blog\/saude-mental-e-exames-de-imagem\/#primaryimage\",\"url\":\"https:\/\/www.megaimagem.com.br\/wp\/wp-content\/uploads\/2025\/01\/exames-de-imagem-e-saude-mental.png\",\"contentUrl\":\"https:\/\/www.megaimagem.com.br\/wp\/wp-content\/uploads\/2025\/01\/exames-de-imagem-e-saude-mental.png\",\"width\":1800,\"height\":700,\"caption\":\"exames de imagem e sa\u00fade mental\"},{\"@type\":\"BreadcrumbList\",\"@id\":\"https:\/\/www.megaimagem.com.br\/wp\/blog\/saude-mental-e-exames-de-imagem\/#breadcrumb\",\"itemListElement\":[{\"@type\":\"ListItem\",\"position\":1,\"name\":\"In\u00edcio\",\"item\":\"https:\/\/www.megaimagem.com.br\/wp\/\"},{\"@type\":\"ListItem\",\"position\":2,\"name\":\"Sa\u00fade mental e exames de imagem: a rela\u00e7\u00e3o com o diagn\u00f3stico de doen\u00e7as neurol\u00f3gicas\"}]},{\"@type\":\"WebSite\",\"@id\":\"https:\/\/www.megaimagem.com.br\/wp\/#website\",\"url\":\"https:\/\/www.megaimagem.com.br\/wp\/\",\"name\":\"Mega Imagem\",\"description\":\"Diagn\u00f3stico por imagem de alta tecnologia, precis\u00e3o e seguran\u00e7a\",\"publisher\":{\"@id\":\"https:\/\/www.megaimagem.com.br\/wp\/#organization\"},\"potentialAction\":[{\"@type\":\"SearchAction\",\"target\":{\"@type\":\"EntryPoint\",\"urlTemplate\":\"https:\/\/www.megaimagem.com.br\/wp\/?s={search_term_string}\"},\"query-input\":\"required name=search_term_string\"}],\"inLanguage\":\"pt-BR\"},{\"@type\":\"Organization\",\"@id\":\"https:\/\/www.megaimagem.com.br\/wp\/#organization\",\"name\":\"Mega Imagem\",\"url\":\"https:\/\/www.megaimagem.com.br\/wp\/\",\"logo\":{\"@type\":\"ImageObject\",\"inLanguage\":\"pt-BR\",\"@id\":\"https:\/\/www.megaimagem.com.br\/wp\/#\/schema\/logo\/image\/\",\"url\":\"https:\/\/www.megaimagem.com.br\/wp\/wp-content\/uploads\/2019\/04\/logo@2x.png\",\"contentUrl\":\"https:\/\/www.megaimagem.com.br\/wp\/wp-content\/uploads\/2019\/04\/logo@2x.png\",\"width\":2001,\"height\":759,\"caption\":\"Mega Imagem\"},\"image\":{\"@id\":\"https:\/\/www.megaimagem.com.br\/wp\/#\/schema\/logo\/image\/\"},\"sameAs\":[\"https:\/\/www.facebook.com\/megaimagemclinica\"]},{\"@type\":\"Person\",\"@id\":\"https:\/\/www.megaimagem.com.br\/wp\/#\/schema\/person\/c4879ab1e663e64b5d83b218067e8bdb\",\"name\":\"Equipe Mega Imagem\",\"url\":\"https:\/\/www.megaimagem.com.br\/wp\/blog\/author\/bartiraaraujo\/\"}]}<\/script>\n<!-- \/ Yoast SEO plugin. -->","yoast_head_json":{"title":"Sa\u00fade mental e exames de imagem: a rela\u00e7\u00e3o com o diagn\u00f3stico de doen\u00e7as neurol\u00f3gicas &#8211; Mega Imagem","description":"Entenda a rela\u00e7\u00e3o entre sa\u00fade mental e exames de imagem, como eles podem contribuir para um diagn\u00f3stico mais assertivo.","robots":{"index":"noindex","follow":"follow","max-snippet":"max-snippet:-1","max-image-preview":"max-image-preview:large","max-video-preview":"max-video-preview:-1"},"og_locale":"pt_BR","og_type":"article","og_title":"Sa\u00fade mental e exames de imagem: a rela\u00e7\u00e3o com o diagn\u00f3stico de doen\u00e7as neurol\u00f3gicas &#8211; Mega Imagem","og_description":"Entenda a rela\u00e7\u00e3o entre sa\u00fade mental e exames de imagem, como eles podem contribuir para um diagn\u00f3stico mais assertivo.","og_url":"https:\/\/www.megaimagem.com.br\/wp\/blog\/saude-mental-e-exames-de-imagem\/","og_site_name":"Mega Imagem","article_publisher":"https:\/\/www.facebook.com\/megaimagemclinica","article_published_time":"2025-01-22T13:30:05+00:00","article_modified_time":"2025-01-21T18:51:23+00:00","og_image":[{"width":1800,"height":700,"url":"https:\/\/www.megaimagem.com.br\/wp\/wp-content\/uploads\/2025\/01\/exames-de-imagem-e-saude-mental.png","type":"image\/png"}],"author":"Equipe Mega Imagem","twitter_card":"summary_large_image","twitter_misc":{"Escrito por":"Equipe Mega Imagem","Est. tempo de leitura":"6 minutos"},"schema":{"@context":"https:\/\/schema.org","@graph":[{"@type":"Article","@id":"https:\/\/www.megaimagem.com.br\/wp\/blog\/saude-mental-e-exames-de-imagem\/#article","isPartOf":{"@id":"https:\/\/www.megaimagem.com.br\/wp\/blog\/saude-mental-e-exames-de-imagem\/"},"author":{"name":"Equipe Mega Imagem","@id":"https:\/\/www.megaimagem.com.br\/wp\/#\/schema\/person\/c4879ab1e663e64b5d83b218067e8bdb"},"headline":"Sa\u00fade mental e exames de imagem: a rela\u00e7\u00e3o com o diagn\u00f3stico de doen\u00e7as neurol\u00f3gicas","datePublished":"2025-01-22T13:30:05+00:00","dateModified":"2025-01-21T18:51:23+00:00","mainEntityOfPage":{"@id":"https:\/\/www.megaimagem.com.br\/wp\/blog\/saude-mental-e-exames-de-imagem\/"},"wordCount":1176,"publisher":{"@id":"https:\/\/www.megaimagem.com.br\/wp\/#organization"},"image":{"@id":"https:\/\/www.megaimagem.com.br\/wp\/blog\/saude-mental-e-exames-de-imagem\/#primaryimage"},"thumbnailUrl":"https:\/\/www.megaimagem.com.br\/wp\/wp-content\/uploads\/2025\/01\/exames-de-imagem-e-saude-mental.png","keywords":["alzheimer","ansiedade","depress\u00e3o","exames de imagem","resson\u00e2ncia de cr\u00e2nio","resson\u00e2ncia magn\u00e9tica","sa\u00fade mental","tomografia"],"articleSection":["Artigos"],"inLanguage":"pt-BR"},{"@type":"WebPage","@id":"https:\/\/www.megaimagem.com.br\/wp\/blog\/saude-mental-e-exames-de-imagem\/","url":"https:\/\/www.megaimagem.com.br\/wp\/blog\/saude-mental-e-exames-de-imagem\/","name":"Sa\u00fade mental e exames de imagem: a rela\u00e7\u00e3o com o diagn\u00f3stico de doen\u00e7as neurol\u00f3gicas &#8211; Mega Imagem","isPartOf":{"@id":"https:\/\/www.megaimagem.com.br\/wp\/#website"},"primaryImageOfPage":{"@id":"https:\/\/www.megaimagem.com.br\/wp\/blog\/saude-mental-e-exames-de-imagem\/#primaryimage"},"image":{"@id":"https:\/\/www.megaimagem.com.br\/wp\/blog\/saude-mental-e-exames-de-imagem\/#primaryimage"},"thumbnailUrl":"https:\/\/www.megaimagem.com.br\/wp\/wp-content\/uploads\/2025\/01\/exames-de-imagem-e-saude-mental.png","datePublished":"2025-01-22T13:30:05+00:00","dateModified":"2025-01-21T18:51:23+00:00","description":"Entenda a rela\u00e7\u00e3o entre sa\u00fade mental e exames de imagem, como eles podem contribuir para um diagn\u00f3stico mais assertivo.","breadcrumb":{"@id":"https:\/\/www.megaimagem.com.br\/wp\/blog\/saude-mental-e-exames-de-imagem\/#breadcrumb"},"inLanguage":"pt-BR","potentialAction":[{"@type":"ReadAction","target":["https:\/\/www.megaimagem.com.br\/wp\/blog\/saude-mental-e-exames-de-imagem\/"]}]},{"@type":"ImageObject","inLanguage":"pt-BR","@id":"https:\/\/www.megaimagem.com.br\/wp\/blog\/saude-mental-e-exames-de-imagem\/#primaryimage","url":"https:\/\/www.megaimagem.com.br\/wp\/wp-content\/uploads\/2025\/01\/exames-de-imagem-e-saude-mental.png","contentUrl":"https:\/\/www.megaimagem.com.br\/wp\/wp-content\/uploads\/2025\/01\/exames-de-imagem-e-saude-mental.png","width":1800,"height":700,"caption":"exames de imagem e sa\u00fade mental"},{"@type":"BreadcrumbList","@id":"https:\/\/www.megaimagem.com.br\/wp\/blog\/saude-mental-e-exames-de-imagem\/#breadcrumb","itemListElement":[{"@type":"ListItem","position":1,"name":"In\u00edcio","item":"https:\/\/www.megaimagem.com.br\/wp\/"},{"@type":"ListItem","position":2,"name":"Sa\u00fade mental e exames de imagem: a rela\u00e7\u00e3o com o diagn\u00f3stico de doen\u00e7as neurol\u00f3gicas"}]},{"@type":"WebSite","@id":"https:\/\/www.megaimagem.com.br\/wp\/#website","url":"https:\/\/www.megaimagem.com.br\/wp\/","name":"Mega Imagem","description":"Diagn\u00f3stico por imagem de alta tecnologia, precis\u00e3o e seguran\u00e7a","publisher":{"@id":"https:\/\/www.megaimagem.com.br\/wp\/#organization"},"potentialAction":[{"@type":"SearchAction","target":{"@type":"EntryPoint","urlTemplate":"https:\/\/www.megaimagem.com.br\/wp\/?s={search_term_string}"},"query-input":"required name=search_term_string"}],"inLanguage":"pt-BR"},{"@type":"Organization","@id":"https:\/\/www.megaimagem.com.br\/wp\/#organization","name":"Mega Imagem","url":"https:\/\/www.megaimagem.com.br\/wp\/","logo":{"@type":"ImageObject","inLanguage":"pt-BR","@id":"https:\/\/www.megaimagem.com.br\/wp\/#\/schema\/logo\/image\/","url":"https:\/\/www.megaimagem.com.br\/wp\/wp-content\/uploads\/2019\/04\/logo@2x.png","contentUrl":"https:\/\/www.megaimagem.com.br\/wp\/wp-content\/uploads\/2019\/04\/logo@2x.png","width":2001,"height":759,"caption":"Mega Imagem"},"image":{"@id":"https:\/\/www.megaimagem.com.br\/wp\/#\/schema\/logo\/image\/"},"sameAs":["https:\/\/www.facebook.com\/megaimagemclinica"]},{"@type":"Person","@id":"https:\/\/www.megaimagem.com.br\/wp\/#\/schema\/person\/c4879ab1e663e64b5d83b218067e8bdb","name":"Equipe Mega Imagem","url":"https:\/\/www.megaimagem.com.br\/wp\/blog\/author\/bartiraaraujo\/"}]}},"_links":{"self":[{"href":"https:\/\/www.megaimagem.com.br\/wp\/wp-json\/wp\/v2\/posts\/34898"}],"collection":[{"href":"https:\/\/www.megaimagem.com.br\/wp\/wp-json\/wp\/v2\/posts"}],"about":[{"href":"https:\/\/www.megaimagem.com.br\/wp\/wp-json\/wp\/v2\/types\/post"}],"author":[{"embeddable":true,"href":"https:\/\/www.megaimagem.com.br\/wp\/wp-json\/wp\/v2\/users\/10"}],"replies":[{"embeddable":true,"href":"https:\/\/www.megaimagem.com.br\/wp\/wp-json\/wp\/v2\/comments?post=34898"}],"version-history":[{"count":2,"href":"https:\/\/www.megaimagem.com.br\/wp\/wp-json\/wp\/v2\/posts\/34898\/revisions"}],"predecessor-version":[{"id":34902,"href":"https:\/\/www.megaimagem.com.br\/wp\/wp-json\/wp\/v2\/posts\/34898\/revisions\/34902"}],"wp:featuredmedia":[{"embeddable":true,"href":"https:\/\/www.megaimagem.com.br\/wp\/wp-json\/wp\/v2\/media\/34901"}],"wp:attachment":[{"href":"https:\/\/www.megaimagem.com.br\/wp\/wp-json\/wp\/v2\/media?parent=34898"}],"wp:term":[{"taxonomy":"category","embeddable":true,"href":"https:\/\/www.megaimagem.com.br\/wp\/wp-json\/wp\/v2\/categories?post=34898"},{"taxonomy":"post_tag","embeddable":true,"href":"https:\/\/www.megaimagem.com.br\/wp\/wp-json\/wp\/v2\/tags?post=34898"}],"curies":[{"name":"wp","href":"https:\/\/api.w.org\/{rel}","templated":true}]}}